{"id":1209,"date":"2017-01-16T19:20:32","date_gmt":"2017-01-16T18:20:32","guid":{"rendered":"http:\/\/omegakikol.pl\/?p=1209"},"modified":"2017-03-13T18:47:05","modified_gmt":"2017-03-13T17:47:05","slug":"mieszkancy-powiatu-lipnowskiego-aktywni-na-rynku-pracy","status":"publish","type":"post","link":"https:\/\/omegakikol.pl\/?p=1209","title":{"rendered":"Mieszka\u0144cy powiatu lipnowskiego  aktywni na rynku pracy"},"content":{"rendered":"<h3 style=\"text-align: center;\"><a href=\"http:\/\/omegakikol.pl\/wp-content\/uploads\/2016\/01\/nowy-logotgyp2-1.jpg\"><img loading=\"lazy\" decoding=\"async\" class=\"alignnone size-full wp-image-1147\" src=\"http:\/\/omegakikol.pl\/wp-content\/uploads\/2016\/01\/nowy-logotgyp2-1.jpg\" alt=\"\" width=\"765\" height=\"83\" srcset=\"https:\/\/omegakikol.pl\/wp-content\/uploads\/2016\/01\/nowy-logotgyp2-1.jpg 765w, https:\/\/omegakikol.pl\/wp-content\/uploads\/2016\/01\/nowy-logotgyp2-1-300x33.jpg 300w\" sizes=\"auto, (max-width: 765px) 100vw, 765px\" \/><\/a><\/h3>\n<h3 style=\"text-align: center;\"><span style=\"color: #993300;\"><u>Projekt pt.: \u201eMieszka\u0144cy powiatu lipnowskiego <\/u><\/span><\/h3>\n<h3 style=\"text-align: center;\"><span style=\"color: #993300;\"><u>aktywni na rynku pracy\u201d<\/u><\/span><\/h3>\n<h3 style=\"text-align: center;\"><span style=\"color: #993300;\">Dzia\u0142anie RPKP.08.02.00 \u201eWspieranie aktywno\u015bci zawodowej w regionie\u201d<\/span><\/h3>\n<h3 style=\"text-align: center;\"><span style=\"color: #993300;\">Poddzia\u0142anie RPKP.08.02.01 \u201eWsparcie na rzecz podniesienia poziomu aktywno\u015bci zawodowej os\u00f3b pozostaj\u0105cych bez zatrudnienia\u201d<\/span><\/h3>\n<h3 style=\"text-align: center;\"><span style=\"color: #993300;\">Projekt realizowany w okresie 01.01.2017 \u2013 31.08.2017<\/span><\/h3>\n<p>Projekt zak\u0142ada poprawienie i wzmocnienie zdolno\u015bci do zatrudnienia 30 os\u00f3b biernych zawodowo (17 K i 13 M) zamieszka\u0142ych powiat lipnowski woj. kujawsko-pomorskiego w wieku 29 lat i wi\u0119cej (pierwsze wsparcie uczestnik mo\u017ce otrzyma\u0107 po uko\u0144czeniu 30 roku \u017cycia): w szczeg\u00f3lno\u015bci u kobiet, os\u00f3b powy\u017cej 50 roku \u017cycia oraz tych o niskich kwalifikacjach<\/p>\n<p>Osoby, kt\u00f3re zostan\u0105 zakwalifikowane do udzia\u0142u w projekcie, zostan\u0105 obj\u0119te wsparciem<\/p>\n<p>&nbsp;i uzyskaj\u0105:<\/p>\n<ol>\n<li>indywidualn\u0105 i kompleksow\u0105 aktywizacj\u0119 zawodow\u0105 zdefiniowan\u0105 w oparciu o identyfikacj\u0119 potrzeb os\u00f3b biernych zawodowo<\/li>\n<li>opracowanie i wdro\u017cenie Indywidualnego Planu Dzia\u0142ania<\/li>\n<li>poradnictwo zawodowe indywidualne i grupowe<\/li>\n<li>dzia\u0142ania ukierunkowane na zdobycie do\u015bwiadczenia u pracodawc\u00f3w poprzez realizacj\u0119 5 miesi\u0119cznych sta\u017cy zawodowych u pracodawc\u00f3w w terminie do 31 sierpnia 2017 roku<\/li>\n<\/ol>\n<p>Rekrutacja do projektu przeprowadzona zostanie zgodnie z obowi\u0105zuj\u0105cym regulaminem. W ramach rekrutacji zostanie zorganizowane spotkanie dla os\u00f3b zainteresowanych projektem w dniu 20 stycznia 2017r. w Cechu Rzemios\u0142 R\u00f3\u017cnych, Plac 11 Listopada 87-600 Lipno. Osoby zainteresowane po zapoznaniu si\u0119 z ofert\u0105 projektu zobowi\u0105zane s\u0105 sk\u0142ada\u0107 formularze zg\u0142oszeniowe i inn\u0105 dokumentacj\u0119 wymagan\u0105 w ramach procedury do dnia 20.01.2017r.<\/p>\n<p>Projekt obejmuje realizacj\u0119 5 miesi\u0119cznych sta\u017cy zawodowych u pracodawc\u00f3w w terminie do 31 sierpnia 2017r., kt\u00f3re s\u0142u\u017c\u0105 zdobyciu do\u015bwiadczenia zawodowego wymaganego przez pracodawc\u00f3w.<\/p>\n<p>Na bie\u017c\u0105co b\u0119dzie prowadzona promocja projektu na stronie internetowej.<\/p>\n<p>&nbsp;<\/p>\n<p>PROJEKT FINANSOWANY ZE \u015aRODK\u00d3W UNII EUROPEJSKIEJ W RAMACH EUROPEJSKIEGO FUNDUSZU SPO\u0141ECZNEGO<\/p>\n<p style=\"text-align: center;\"><span style=\"color: #ff0000;\"><strong>Do pobrania:<\/strong><\/span><\/p>\n<p style=\"text-align: center;\"><a href=\"http:\/\/omegakikol.pl\/wp-content\/uploads\/2017\/01\/Formularz-zg\u0142oszeniowy-1.doc\">Formularz zg\u0142oszeniowy<\/a>&nbsp; &nbsp; &nbsp; &nbsp; &nbsp; &nbsp; &nbsp;<a href=\"http:\/\/omegakikol.pl\/wp-content\/uploads\/2017\/01\/Plakat.doc\">Plakat<\/a>&nbsp; &nbsp; &nbsp; &nbsp; &nbsp; &nbsp; &nbsp; &nbsp; &nbsp; &nbsp;<a href=\"http:\/\/omegakikol.pl\/wp-content\/uploads\/2017\/01\/regulamin-rekrutacja-8.2.1-1.doc\">regulamin rekrutacja 8.2.1<\/a><\/p>\n","protected":false},"excerpt":{"rendered":"<p>Projekt pt.: \u201eMieszka\u0144cy powiatu lipnowskiego aktywni na rynku pracy\u201d Dzia\u0142anie RPKP.08.02.00 \u201eWspieranie aktywno\u015bci zawodowej w regionie\u201d Poddzia\u0142anie RPKP.08.02.01 \u201eWsparcie na rzecz podniesienia poziomu aktywno\u015bci zawodowej os\u00f3b pozostaj\u0105cych bez zatrudnienia\u201d Projekt realizowany w okresie 01.01.2017 \u2013 31.08.2017 Projekt zak\u0142ada poprawienie i wzmocnienie zdolno\u015bci do zatrudnienia 30 os\u00f3b biernych zawodowo (17 K i 13 M) zamieszka\u0142ych powiat [&hellip;]<\/p>\n","protected":false},"author":1,"featured_media":0,"comment_status":"closed","ping_status":"open","sticky":false,"template":"","format":"standard","meta":{"ngg_post_thumbnail":0,"footnotes":""},"categories":[1],"tags":[],"class_list":["post-1209","post","type-post","status-publish","format-standard","hentry","category-bez-kategorii"],"_links":{"self":[{"href":"https:\/\/omegakikol.pl\/index.php?rest_route=\/wp\/v2\/posts\/1209","targetHints":{"allow":["GET"]}}],"collection":[{"href":"https:\/\/omegakikol.pl\/index.php?rest_route=\/wp\/v2\/posts"}],"about":[{"href":"https:\/\/omegakikol.pl\/index.php?rest_route=\/wp\/v2\/types\/post"}],"author":[{"embeddable":true,"href":"https:\/\/omegakikol.pl\/index.php?rest_route=\/wp\/v2\/users\/1"}],"replies":[{"embeddable":true,"href":"https:\/\/omegakikol.pl\/index.php?rest_route=%2Fwp%2Fv2%2Fcomments&post=1209"}],"version-history":[{"count":5,"href":"https:\/\/omegakikol.pl\/index.php?rest_route=\/wp\/v2\/posts\/1209\/revisions"}],"predecessor-version":[{"id":1288,"href":"https:\/\/omegakikol.pl\/index.php?rest_route=\/wp\/v2\/posts\/1209\/revisions\/1288"}],"wp:attachment":[{"href":"https:\/\/omegakikol.pl\/index.php?rest_route=%2Fwp%2Fv2%2Fmedia&parent=1209"}],"wp:term":[{"taxonomy":"category","embeddable":true,"href":"https:\/\/omegakikol.pl\/index.php?rest_route=%2Fwp%2Fv2%2Fcategories&post=1209"},{"taxonomy":"post_tag","embeddable":true,"href":"https:\/\/omegakikol.pl\/index.php?rest_route=%2Fwp%2Fv2%2Ftags&post=1209"}],"curies":[{"name":"wp","href":"https:\/\/api.w.org\/{rel}","templated":true}]}}