{"id":1307,"date":"2017-05-31T20:18:08","date_gmt":"2017-05-31T18:18:08","guid":{"rendered":"http:\/\/omegakikol.pl\/?p=1307"},"modified":"2017-05-31T20:18:08","modified_gmt":"2017-05-31T18:18:08","slug":"projekt-mieszkancy-powiatu-lipnowskiego-aktywni-na-rynku-pracy-rpkp-08-02-01-04-000216","status":"publish","type":"post","link":"https:\/\/omegakikol.pl\/?p=1307","title":{"rendered":"PROJEKT  \u201eMieszka\u0144cy powiatu lipnowskiego aktywni na rynku pracy\u201d  RPKP.08.02.01-04-0002\/16"},"content":{"rendered":"<p style=\"text-align: center;\"><a href=\"http:\/\/omegakikol.pl\/wp-content\/uploads\/2016\/01\/nowy-logotgyp2-1.jpg\"><img loading=\"lazy\" decoding=\"async\" class=\"wp-image-1147 size-full aligncenter\" src=\"http:\/\/omegakikol.pl\/wp-content\/uploads\/2016\/01\/nowy-logotgyp2-1.jpg\" alt=\"\" width=\"765\" height=\"83\" srcset=\"https:\/\/omegakikol.pl\/wp-content\/uploads\/2016\/01\/nowy-logotgyp2-1.jpg 765w, https:\/\/omegakikol.pl\/wp-content\/uploads\/2016\/01\/nowy-logotgyp2-1-300x33.jpg 300w\" sizes=\"auto, (max-width: 765px) 100vw, 765px\" \/><\/a><\/p>\n<p style=\"text-align: center;\"><strong>PROJEKT <\/strong><\/p>\n<p style=\"text-align: center;\"><strong>\u201eMieszka\u0144cy powiatu lipnowskiego aktywni na rynku pracy\u201d<\/strong><\/p>\n<p style=\"text-align: center;\"><strong>&nbsp;RPKP.08.02.01-04-0002\/16<\/strong><\/p>\n<p style=\"text-align: center;\"><strong>&nbsp;<\/strong><\/p>\n<p style=\"text-align: center;\"><strong>Projekt realizowany w okresie 01.01.2017r. \u2013 31.08.2017r.<\/strong><\/p>\n<p><strong>&nbsp;<\/strong><\/p>\n<p><strong>Od dnia 01.03.2017r. 30 uczestnik\u00f3w projektu (17K i 13M) przyst\u0105pi\u0142o do odbywania <\/strong><\/p>\n<p><strong>5 miesi\u0119cznych sta\u017cy zawodowych u pracodawc\u00f3w zgodnie ze zdiagnozowanymi potrzebami i mo\u017cliwo\u015bciami poszczeg\u00f3lnych os\u00f3b. Sta\u017ce zawodowe odbywaj\u0105 si\u0119 zgodnie z Polskimi Ramami Jako\u015bci Praktyk i Sta\u017cy. Pracodawcy wraz z opiekunami sta\u017cyst\u00f3w oraz kierownikiem projektu opracowali wsp\u00f3lnie programy sta\u017cu w formie spisanego dokumentu. Programy sta\u017cu zawieraj\u0105: zdefiniowane cele edukacyjne, tre\u015bci edukacyjne oraz zakres obowi\u0105zk\u00f3w. Okre\u015blaj\u0105 tak\u017ce nazw\u0119 zawodu oraz specjalno\u015b\u0107, kt\u00f3rej dotyczy sta\u017c, rodzaj uzyskiwanych kwalifikacji lub umiej\u0119tno\u015bci zawodowych, spos\u00f3b potwierdzenia nabytych kwalifikacji i umiej\u0119tno\u015bci zawodowych, opiekuna osoby obj\u0119tej sta\u017cem. Program zosta\u0142 opracowany indywidualnie, z uwzgl\u0119dnieniem potrzeb i potencja\u0142u sta\u017cysty. Ka\u017cdemu ze sta\u017cyst\u00f3w zosta\u0142o zapewnione odpowiednie stanowisko pracy sta\u017cysty wyposa\u017cone&nbsp; w niezb\u0119dne sprz\u0119ty, narz\u0119dzia i zaplecze zgodnie z programem sta\u017cu. Na bie\u017c\u0105co prowadzone s\u0105 rozmowy zar\u00f3wno z uczestnikami projektu jak i z ich opiekunami, kt\u00f3rzy potwierdzaj\u0105, i\u017c nie ma \u017cadnych trudno\u015bci. <\/strong><strong>Uczestnicy bardzo pozytywnie oceniaj\u0105 udzia\u0142 w sta\u017cu zawodowym, potwierdzaj\u0105, \u017ce wszystkie dzia\u0142ania przebiegaj\u0105 bez komplikacji czy utrudnie\u0144.&nbsp; Sta\u017cy\u015bci zdobywaj\u0105 wiedz\u0119 i umiej\u0119tno\u015bci przydatne w powrocie na rynek pracy. Pozytywnie oceniaj\u0105 wsp\u00f3\u0142prac\u0119 z opiekunem sta\u017cu, dotychczas nie odnotowano k\u0142opot\u00f3w w trakcie realizacji sta\u017cu.<\/strong><\/p>\n<p><strong>&nbsp;<\/strong><\/p>\n<p><strong>&nbsp;<\/strong><\/p>\n","protected":false},"excerpt":{"rendered":"<p>PROJEKT \u201eMieszka\u0144cy powiatu lipnowskiego aktywni na rynku pracy\u201d &nbsp;RPKP.08.02.01-04-0002\/16 &nbsp; Projekt realizowany w okresie 01.01.2017r. \u2013 31.08.2017r. &nbsp; Od dnia 01.03.2017r. 30 uczestnik\u00f3w projektu (17K i 13M) przyst\u0105pi\u0142o do odbywania 5 miesi\u0119cznych sta\u017cy zawodowych u pracodawc\u00f3w zgodnie ze zdiagnozowanymi potrzebami i mo\u017cliwo\u015bciami poszczeg\u00f3lnych os\u00f3b. Sta\u017ce zawodowe odbywaj\u0105 si\u0119 zgodnie z Polskimi Ramami Jako\u015bci Praktyk i [&hellip;]<\/p>\n","protected":false},"author":1,"featured_media":0,"comment_status":"closed","ping_status":"open","sticky":false,"template":"","format":"standard","meta":{"ngg_post_thumbnail":0,"footnotes":""},"categories":[1],"tags":[],"class_list":["post-1307","post","type-post","status-publish","format-standard","hentry","category-bez-kategorii"],"_links":{"self":[{"href":"https:\/\/omegakikol.pl\/index.php?rest_route=\/wp\/v2\/posts\/1307","targetHints":{"allow":["GET"]}}],"collection":[{"href":"https:\/\/omegakikol.pl\/index.php?rest_route=\/wp\/v2\/posts"}],"about":[{"href":"https:\/\/omegakikol.pl\/index.php?rest_route=\/wp\/v2\/types\/post"}],"author":[{"embeddable":true,"href":"https:\/\/omegakikol.pl\/index.php?rest_route=\/wp\/v2\/users\/1"}],"replies":[{"embeddable":true,"href":"https:\/\/omegakikol.pl\/index.php?rest_route=%2Fwp%2Fv2%2Fcomments&post=1307"}],"version-history":[{"count":1,"href":"https:\/\/omegakikol.pl\/index.php?rest_route=\/wp\/v2\/posts\/1307\/revisions"}],"predecessor-version":[{"id":1308,"href":"https:\/\/omegakikol.pl\/index.php?rest_route=\/wp\/v2\/posts\/1307\/revisions\/1308"}],"wp:attachment":[{"href":"https:\/\/omegakikol.pl\/index.php?rest_route=%2Fwp%2Fv2%2Fmedia&parent=1307"}],"wp:term":[{"taxonomy":"category","embeddable":true,"href":"https:\/\/omegakikol.pl\/index.php?rest_route=%2Fwp%2Fv2%2Fcategories&post=1307"},{"taxonomy":"post_tag","embeddable":true,"href":"https:\/\/omegakikol.pl\/index.php?rest_route=%2Fwp%2Fv2%2Ftags&post=1307"}],"curies":[{"name":"wp","href":"https:\/\/api.w.org\/{rel}","templated":true}]}}