{"id":302,"date":"2016-01-13T10:29:07","date_gmt":"2016-01-13T09:29:07","guid":{"rendered":"http:\/\/omegakikol.pl\/?p=302"},"modified":"2016-01-13T11:12:16","modified_gmt":"2016-01-13T10:12:16","slug":"rynek-pracy-otwarty-dla-wszystkich-%c2%84mobilni-z-powiatu-lipnowskiego-aktywni-na-rynku-pracy%c2%94","status":"publish","type":"post","link":"https:\/\/omegakikol.pl\/?p=302","title":{"rendered":"RYNEK PRACY OTWARTY DLA WSZYSTKICH \u201e\u0084Mobilni z powiatu lipnowskiego aktywni na rynku pracy\u0094\u201d"},"content":{"rendered":"<p><center><\/p>\n<h3 style=\"text-align: center;\"><a href=\"http:\/\/omegakikol.pl\/wp-content\/uploads\/2016\/01\/logo_efs_kapital_ludzki-e1452547749160.jpg\" rel=\"attachment wp-att-204\"><img loading=\"lazy\" decoding=\"async\" class=\" wp-image-204 aligncenter\" src=\"http:\/\/omegakikol.pl\/wp-content\/uploads\/2016\/01\/logo_efs_kapital_ludzki-1024x180.jpg\" alt=\"logo_efs_kapital_ludzki\" width=\"887\" height=\"156\" \/><\/a><\/h3>\n<p><\/center><center><span style=\"color: #d00068; font-family: 'Monotype Corsiva'; font-size: x-large;\"><b><i>RYNEK PRACY OTWARTY DLA WSZYSTKICH<\/i><br \/>\n\u201e\u0084Mobilni z powiatu lipnowskiego aktywni na rynku pracy\u0094\u201d<\/b><\/span><\/center>&nbsp;<\/p>\n<p>Warto\u015b\u0107 projektu 463 868,66PLN<\/p>\n<p>Jest to projekt realizowany w ramach Programu Operacyjnego Kapita\u0142 Ludzki, Priorytet VI. Rynek pracy otwarty dla wszystkich, Dzia\u0142anie 6.1. Poprawa dost\u0119pu do zatrudnienia oraz wspieranie aktywno\u015bci zawodowej w regionie, Poddzia\u0142anie 6.1.1. Wsparcie os\u00f3b pozostaj\u0105cych bez zatrudnienia na regionalnym rynku pracy. <b>Okres realizacji od 01.08.2014r. do 31.05.2015r.<\/b><\/p>\n<p>Celem g\u0142\u00f3wnym jest wyposa\u017cenie 30 K bezrobotnych zam. na wsi w pow. lipnowskim w 3 CENTRACH LOKALNYCH w nowe kwalifikacje oraz u\u0142atwienie ich adaptacji na rynku pracy zmierzaj\u0105cej docelowo do znalezienia zatrudnienia (08\/2014-05\/2015).<br \/>\nGrup\u0119 docelow\u0105 stanowi\u0107 b\u0119d\u0105 30 kobiet bezrobotnych z gm. Kik\u00f3\u0142 i Lipno (wojew\u00f3dztwa kuj.-pom. powiat lipnowski) w wieku 18-59 lat w tym 10 K d\u0142ugotrwale bezrobotnych, zarejestrowanych w PUP Lipno, zam. na wsi i w ci\u0105gu ostatnich 12 miesi\u0119cy nie korzysta\u0142y ze wsparcia us\u0142ug i instrument\u00f3w aktywizacyjnych oferowanych przez PUP.<\/p>\n<p><b>Partnerami Spo\u0142ecznymi projektu s\u0105: Gmin\u0105 Kik\u00f3\u0142, Gmin\u0105 Lipno, Powiatowym Urz\u0119dem Pracy w Lipnie i Stowarzyszeniem LGD Gmin Dobrzy\u0144skich Region Po\u0142udnie W ramach projektu realizowane b\u0119d\u0105 kursy:<\/b><\/p>\n<p>&#8211; opiekunka dzieci(wymagane wykszta\u0142cenie minimum \u015brednie)<\/p>\n<p>&#8211; bukieciarstwa i florystyki<\/p>\n<p>&#8211; organizator us\u0142ug cateringowych z elementami Carvingu<\/p>\n<p>&#8211; prawo jazdy kat. B dla 6 kobiet uczestniczek ww. kurs\u00f3w<\/p>\n<p>Sta\u017ce zawodowe dla 15 kobiet<br \/>\nUczestniczki wszystkich kurs\u00f3w b\u0119d\u0105 bra\u0107 udzia\u0142 w warsztatach z doradztwa grupowego, warsztatach aktywizuj\u0105cych, indywidulanych spotkaniach z doradc\u0105 zawodowym, tworzeniu IPD, indywidualnych sesjach z pedagogiem.<\/p>\n<p>W ramach projektu powstan\u0105 3 Centra Lokalne w miejscowo\u015bciach: Kik\u00f3\u0142, Radomice, Wichowo, miejsce spotka\u0144 uczestniczek, organizacja Animacji Lokalnych. Projekt wsp\u00f3\u0142finansowany ze \u015brodk\u00f3w Unii Europejskiej w ramach Europejskiego Funduszu Spo\u0142ecznego<\/p>\n<div align=\"center\"><a title=\"50 plus\" href=\"http:\/\/mobilni.omegakikol.pl\/\"><span style=\"color: #2d0059; font-family: Georgia; font-size: large;\">Strona projektu<\/span><\/a><\/div>\n<p>&nbsp;<\/p>\n<p>&nbsp;<\/p>\n","protected":false},"excerpt":{"rendered":"<p>RYNEK PRACY OTWARTY DLA WSZYSTKICH \u201e\u0084Mobilni z powiatu lipnowskiego aktywni na rynku pracy\u0094\u201d&nbsp; Warto\u015b\u0107 projektu 463 868,66PLN Jest to projekt realizowany w ramach Programu Operacyjnego Kapita\u0142 Ludzki, Priorytet VI. Rynek pracy otwarty dla wszystkich, Dzia\u0142anie 6.1. Poprawa dost\u0119pu do zatrudnienia oraz wspieranie aktywno\u015bci zawodowej w regionie, Poddzia\u0142anie 6.1.1. Wsparcie os\u00f3b pozostaj\u0105cych bez zatrudnienia na regionalnym [&hellip;]<\/p>\n","protected":false},"author":1,"featured_media":0,"comment_status":"closed","ping_status":"open","sticky":false,"template":"","format":"standard","meta":{"ngg_post_thumbnail":0,"footnotes":""},"categories":[1],"tags":[],"class_list":["post-302","post","type-post","status-publish","format-standard","hentry","category-bez-kategorii"],"_links":{"self":[{"href":"https:\/\/omegakikol.pl\/index.php?rest_route=\/wp\/v2\/posts\/302","targetHints":{"allow":["GET"]}}],"collection":[{"href":"https:\/\/omegakikol.pl\/index.php?rest_route=\/wp\/v2\/posts"}],"about":[{"href":"https:\/\/omegakikol.pl\/index.php?rest_route=\/wp\/v2\/types\/post"}],"author":[{"embeddable":true,"href":"https:\/\/omegakikol.pl\/index.php?rest_route=\/wp\/v2\/users\/1"}],"replies":[{"embeddable":true,"href":"https:\/\/omegakikol.pl\/index.php?rest_route=%2Fwp%2Fv2%2Fcomments&post=302"}],"version-history":[{"count":2,"href":"https:\/\/omegakikol.pl\/index.php?rest_route=\/wp\/v2\/posts\/302\/revisions"}],"predecessor-version":[{"id":359,"href":"https:\/\/omegakikol.pl\/index.php?rest_route=\/wp\/v2\/posts\/302\/revisions\/359"}],"wp:attachment":[{"href":"https:\/\/omegakikol.pl\/index.php?rest_route=%2Fwp%2Fv2%2Fmedia&parent=302"}],"wp:term":[{"taxonomy":"category","embeddable":true,"href":"https:\/\/omegakikol.pl\/index.php?rest_route=%2Fwp%2Fv2%2Fcategories&post=302"},{"taxonomy":"post_tag","embeddable":true,"href":"https:\/\/omegakikol.pl\/index.php?rest_route=%2Fwp%2Fv2%2Ftags&post=302"}],"curies":[{"name":"wp","href":"https:\/\/api.w.org\/{rel}","templated":true}]}}