{"id":311,"date":"2016-01-13T10:34:16","date_gmt":"2016-01-13T09:34:16","guid":{"rendered":"http:\/\/omegakikol.pl\/?p=311"},"modified":"2016-01-13T10:34:16","modified_gmt":"2016-01-13T09:34:16","slug":"wszystko-dla-edukacji-przedszkolnej-w-gminach-czernikowo-kikol-wielgie-i-zbojno","status":"publish","type":"post","link":"https:\/\/omegakikol.pl\/?p=311","title":{"rendered":"\u201eWszystko dla edukacji przedszkolnej w gminach Czernikowo, Kik\u00f3\u0142, Wielgie i Zb\u00f3jno\u201d"},"content":{"rendered":"<div id=\"CONTENT\">\n<div id=\"TEXT\"><center><b><i>\u201eWszystko dla edukacji przedszkolnej w gminach Czernikowo, Kik\u00f3\u0142, Wielgie i Zb\u00f3jno\u201d<\/i><\/b><\/center><span style=\"color: #d26900; font-family: georgia; font-size: large;\"><i><br \/>\n<\/i><\/span><\/p>\n<div align=\"center\"><img loading=\"lazy\" decoding=\"async\" src=\"http:\/\/www.omegakikol.nazwa.pl\/omegakikol\/wszystko%20dla%20educkacji.jpg\" alt=\"\" width=\"288\" height=\"210\" \/><\/div>\n<p><span style=\"color: #d26900; font-family: georgia; font-size: large;\"><i><br \/>\n<\/i><\/span>To projekt partnerski realizowany w ramach Programu Operacyjnego Kapita\u0142 Ludzki Priorytet IX Rozw\u00f3j wykszta\u0142cenia i kompetencji w regionach.<br \/>\nDzia\u0142anie 9.1. Poddzia\u0142anie 9.1.1 Zmniejszanie nier\u00f3wno\u015bci w stopniu upowszechnienia edukacji przedszkolnej.<\/p>\n<p><span style=\"color: black; font-family: georgia; font-size: medium;\">B\u0119dzie on prowadzony od <b>15.11.2012 do 14.11.2014.<\/b><br \/>\nTo projekt, kt\u00f3rego Liderem jest <b>Fundacja Na Rzecz Rozwoju Wsi&#8221; Polska Wie\u015b 2000&#8243; im. M. Rataja a Partnerami PANACEUM-OMEGA oraz gminy: Czernikowo, Kik\u00f3\u0142, Wielgie i Zb\u00f3jno.<\/b><br \/>\nCelem projektu jest wyr\u00f3wnanie szans edukacji przedszkolnej dla 152 dzieci w wieku 3-5 lat z gmin Czernikowo, Kik\u00f3\u0142, Wielgie i Zb\u00f3jno poprzez utworzenie 12 Punkt\u00f3w Przedszkolnych i organizacj\u0119 zaj\u0119\u0107 w okresie do 14\/11\/2014.<\/p>\n<p>Grup\u0119 docelow\u0105 projektu stanowi 152 dzieci w wieku od 3-5 lat z teren\u00f3w gmin: <b>Czernikowo, Kik\u00f3\u0142, Wielgie i Zb\u00f3jno<\/b> oraz rodzice\/opiekunowie tych dzieci zamieszkuj\u0105cych w ww. gminach wojew\u00f3dztwa kujawsko-pomorskiego.<\/p>\n<p>W ramach projektu na terenie wy\u017cej wymienionych gmin zostan\u0105 utworzone Punkty Przedszkolne dla dzieci 3, 4, 5- letnich w nast\u0119puj\u0105cych miejscowo\u015bciach:<\/p>\n<p>\u0095 Czernikowo( 2 grupy),<br \/>\n\u0095 Os\u00f3wka,<br \/>\n\u0095 Steklin,<br \/>\n\u0095 Kik\u00f3\u0142,<br \/>\n\u0095 Wola,<br \/>\n\u0095 Cie\u0142uchowo,<br \/>\n\u0095 Wielgie,<br \/>\n\u0095 Zaduszniki,<br \/>\n\u0095 Czarne,<br \/>\n\u0095 Klonowo,<br \/>\n\u0095 Ru\u017ce.<\/p>\n<p><\/span><\/p>\n<div align=\"center\"><span style=\"color: black; font-family: georgia; font-size: medium;\"><img loading=\"lazy\" decoding=\"async\" src=\"http:\/\/www.omegakikol.nazwa.pl\/omegakikol\/dzieci.jpg\" alt=\"\" width=\"288\" height=\"80\" \/><\/span><\/div>\n<p><span style=\"color: #d26900; font-family: georgia; font-size: large;\"><i><span style=\"color: black; font-family: georgia; font-size: medium;\"><br \/>\n<b><\/b><\/span><\/i><\/span><\/p>\n<div align=\"center\"><a title=\"www.wdep.polskawies2000.pl\" href=\"http:\/\/www.wdep.polskawies2000.pl\/\"><span style=\"color: #2d0059; font-family: Georgia; font-size: small;\">www.wdep.polskawies2000.pl<\/span><\/a><\/div>\n<p><span style=\"color: #d26900; font-family: georgia; font-size: large;\"><i><span style=\"color: black; font-family: georgia; font-size: medium;\"><b>Projekt wsp\u00f3\u0142finansowany ze \u015brodk\u00f3w Unii Europejskiej w ramach Europejskiego Funduszu Spo\u0142ecznego<\/b><\/span><\/i><\/span><\/div>\n<\/div>\n<div id=\"FOOTER\"><\/div>\n<p>&nbsp;<\/p>\n","protected":false},"excerpt":{"rendered":"<p>\u201eWszystko dla edukacji przedszkolnej w gminach Czernikowo, Kik\u00f3\u0142, Wielgie i Zb\u00f3jno\u201d To projekt partnerski realizowany w ramach Programu Operacyjnego Kapita\u0142 Ludzki Priorytet IX Rozw\u00f3j wykszta\u0142cenia i kompetencji w regionach. Dzia\u0142anie 9.1. Poddzia\u0142anie 9.1.1 Zmniejszanie nier\u00f3wno\u015bci w stopniu upowszechnienia edukacji przedszkolnej. B\u0119dzie on prowadzony od 15.11.2012 do 14.11.2014. To projekt, kt\u00f3rego Liderem jest Fundacja Na Rzecz [&hellip;]<\/p>\n","protected":false},"author":1,"featured_media":0,"comment_status":"closed","ping_status":"open","sticky":false,"template":"","format":"standard","meta":{"ngg_post_thumbnail":0,"footnotes":""},"categories":[1],"tags":[],"class_list":["post-311","post","type-post","status-publish","format-standard","hentry","category-bez-kategorii"],"_links":{"self":[{"href":"https:\/\/omegakikol.pl\/index.php?rest_route=\/wp\/v2\/posts\/311","targetHints":{"allow":["GET"]}}],"collection":[{"href":"https:\/\/omegakikol.pl\/index.php?rest_route=\/wp\/v2\/posts"}],"about":[{"href":"https:\/\/omegakikol.pl\/index.php?rest_route=\/wp\/v2\/types\/post"}],"author":[{"embeddable":true,"href":"https:\/\/omegakikol.pl\/index.php?rest_route=\/wp\/v2\/users\/1"}],"replies":[{"embeddable":true,"href":"https:\/\/omegakikol.pl\/index.php?rest_route=%2Fwp%2Fv2%2Fcomments&post=311"}],"version-history":[{"count":1,"href":"https:\/\/omegakikol.pl\/index.php?rest_route=\/wp\/v2\/posts\/311\/revisions"}],"predecessor-version":[{"id":312,"href":"https:\/\/omegakikol.pl\/index.php?rest_route=\/wp\/v2\/posts\/311\/revisions\/312"}],"wp:attachment":[{"href":"https:\/\/omegakikol.pl\/index.php?rest_route=%2Fwp%2Fv2%2Fmedia&parent=311"}],"wp:term":[{"taxonomy":"category","embeddable":true,"href":"https:\/\/omegakikol.pl\/index.php?rest_route=%2Fwp%2Fv2%2Fcategories&post=311"},{"taxonomy":"post_tag","embeddable":true,"href":"https:\/\/omegakikol.pl\/index.php?rest_route=%2Fwp%2Fv2%2Ftags&post=311"}],"curies":[{"name":"wp","href":"https:\/\/api.w.org\/{rel}","templated":true}]}}