{"id":314,"date":"2016-01-13T10:35:26","date_gmt":"2016-01-13T09:35:26","guid":{"rendered":"http:\/\/omegakikol.pl\/?p=314"},"modified":"2016-01-13T11:11:46","modified_gmt":"2016-01-13T10:11:46","slug":"50-to-wiek-by-jeszcze-pracowac-2","status":"publish","type":"post","link":"https:\/\/omegakikol.pl\/?p=314","title":{"rendered":"\u201e50+ to wiek by jeszcze pracowa\u0107\u201d"},"content":{"rendered":"<div id=\"CONTENT\">\n<div id=\"TEXT\"><center><\/p>\n<h3 style=\"text-align: center;\"><a href=\"http:\/\/omegakikol.pl\/wp-content\/uploads\/2016\/01\/logo_efs_kapital_ludzki-e1452547749160.jpg\" rel=\"attachment wp-att-204\"><img loading=\"lazy\" decoding=\"async\" class=\" wp-image-204 aligncenter\" src=\"http:\/\/omegakikol.pl\/wp-content\/uploads\/2016\/01\/logo_efs_kapital_ludzki-1024x180.jpg\" alt=\"logo_efs_kapital_ludzki\" width=\"887\" height=\"156\" \/><\/a><\/h3>\n<p><\/center><center><span style=\"color: #006666; font-family: 'Monotype Corsiva'; font-size: x-large;\"><b><i>\u201e50+ to wiek by jeszcze pracowa\u0107\u201d<\/i><\/b><\/span><\/center><span style=\"color: #006666; font-family: 'Monotype Corsiva'; font-size: x-large;\"><br \/>\n<\/span><center>Cz\u0142owiek- najlepsza inwestycja<\/center><span style=\"color: #006666; font-family: 'Monotype Corsiva'; font-size: x-large;\"><br \/>\n<\/span>Od 1 maja 2012 PANACEUM-OMEGA M.J.WYBORSKA b\u0119dzie realizowa\u0142a projekt ,,50+ to wiek by jeszcze pracowa\u0107\u0094 w ramach<b>Dzia\u0142ania 6.1 Poprawa dost\u0119pu do zatrudnienia oraz wspieranie aktywno\u015bci zawodowej w regionie Poddzia\u0142anie 6.1.1 Wsparcie os\u00f3b pozostaj\u0105cych bez zatrudnienia na regionalnym rynku pracy<\/b>. Projekt obejmowa\u0142 b\u0119dzie swoim zasi\u0119giem teren wojew\u00f3dztwa kujawsko- pomorskiego, a dok\u0142adniej powiat lipnowski. Odbiorcami b\u0119d\u0105 <b>bezrobotni i nieaktywni zawodowo mieszka\u0144cy gmin powiatu lipnowskiego w wieku 50-64<\/b>. Projekt wsp\u00f3\u0142finansowany przez Uni\u0119 Europejsk\u0105 w ramach Europejskiego Funduszu Spo\u0142ecznego, realizowany od <b>01.05.2012 do 30.04.2013<\/b>.<br \/>\nOferta przygotowana w spos\u00f3b kompleksowy. Uwzgl\u0119dnia lokalne problemy, zapotrzebowanie oraz mo\u017cliwo\u015bci i predyspozycje potencjalnych uczestnik\u00f3w.<b>Kursy s\u0105 ca\u0142kowicie bezp\u0142atne.<\/b><br \/>\nCh\u0119tni mog\u0105 wzi\u0105\u0107 udzia\u0142 w jednym z nast\u0119puj\u0105cych kurs\u00f3w:<\/p>\n<ul>\n<li><b>operator maszyn ci\u0119\u017ckich (koparko- \u0142adowarki lub \u0142adowarki lub koparki lub walca)<\/b> termin: VI- IX 2012<\/li>\n<li><b>pracownik biurowy<\/b> &#8211; termin: VIII- XI 2012<\/li>\n<li><b>prawo jazdy kat. C + kwalifikacja wst\u0119pna \u0084zawodowy kierowca\u0094<\/b>&#8211; termin: X 2012- I 2013<\/li>\n<li><b>opiekun\/ka dzieci<\/b> \u0096termin: I-IV 2013<\/li>\n<\/ul>\n<p><span style=\"color: #006666; font-family: 'Monotype Corsiva'; font-size: x-large;\"><span style=\"color: black; font-family: georgia; font-size: medium;\"><br \/>\n<\/span><\/span>Uczestnicy obj\u0119ci b\u0119d\u0105 wsparciem na zaj\u0119ciach motywacyjno-interpersonalnych, warsztatach z r\u00f3wno\u015bci szans oraz na indywidualnych zaj\u0119ciach z doradc\u0105 zawodowym. Otrzymaj\u0105 materia\u0142y szkoleniowe, catering, zwrot koszt\u00f3w dojazdu oraz stypendium.<\/p>\n<p><center><a title=\"link do strony\" href=\"http:\/\/50plus.omegakikol.pl\/\"><span style=\"color: #2d0059; font-family: Georgia; font-size: medium;\">Link do strony:<br \/>\nwww.50plus.omegakikol.pl<\/span><\/a><\/center>&nbsp;<\/p>\n<p><center>Projekt wsp\u00f3\u0142finansowany przez Uni\u0119 Europejsk\u0105 w ramach Europejskiego Funduszu Spo\u0142ecznego<\/center><\/div>\n<\/div>\n<div id=\"FOOTER\"><\/div>\n","protected":false},"excerpt":{"rendered":"<p>\u201e50+ to wiek by jeszcze pracowa\u0107\u201d Cz\u0142owiek- najlepsza inwestycja Od 1 maja 2012 PANACEUM-OMEGA M.J.WYBORSKA b\u0119dzie realizowa\u0142a projekt ,,50+ to wiek by jeszcze pracowa\u0107\u0094 w ramachDzia\u0142ania 6.1 Poprawa dost\u0119pu do zatrudnienia oraz wspieranie aktywno\u015bci zawodowej w regionie Poddzia\u0142anie 6.1.1 Wsparcie os\u00f3b pozostaj\u0105cych bez zatrudnienia na regionalnym rynku pracy. Projekt obejmowa\u0142 b\u0119dzie swoim zasi\u0119giem teren wojew\u00f3dztwa [&hellip;]<\/p>\n","protected":false},"author":1,"featured_media":0,"comment_status":"closed","ping_status":"open","sticky":false,"template":"","format":"standard","meta":{"ngg_post_thumbnail":0,"footnotes":""},"categories":[1],"tags":[],"class_list":["post-314","post","type-post","status-publish","format-standard","hentry","category-bez-kategorii"],"_links":{"self":[{"href":"https:\/\/omegakikol.pl\/index.php?rest_route=\/wp\/v2\/posts\/314","targetHints":{"allow":["GET"]}}],"collection":[{"href":"https:\/\/omegakikol.pl\/index.php?rest_route=\/wp\/v2\/posts"}],"about":[{"href":"https:\/\/omegakikol.pl\/index.php?rest_route=\/wp\/v2\/types\/post"}],"author":[{"embeddable":true,"href":"https:\/\/omegakikol.pl\/index.php?rest_route=\/wp\/v2\/users\/1"}],"replies":[{"embeddable":true,"href":"https:\/\/omegakikol.pl\/index.php?rest_route=%2Fwp%2Fv2%2Fcomments&post=314"}],"version-history":[{"count":2,"href":"https:\/\/omegakikol.pl\/index.php?rest_route=\/wp\/v2\/posts\/314\/revisions"}],"predecessor-version":[{"id":357,"href":"https:\/\/omegakikol.pl\/index.php?rest_route=\/wp\/v2\/posts\/314\/revisions\/357"}],"wp:attachment":[{"href":"https:\/\/omegakikol.pl\/index.php?rest_route=%2Fwp%2Fv2%2Fmedia&parent=314"}],"wp:term":[{"taxonomy":"category","embeddable":true,"href":"https:\/\/omegakikol.pl\/index.php?rest_route=%2Fwp%2Fv2%2Fcategories&post=314"},{"taxonomy":"post_tag","embeddable":true,"href":"https:\/\/omegakikol.pl\/index.php?rest_route=%2Fwp%2Fv2%2Ftags&post=314"}],"curies":[{"name":"wp","href":"https:\/\/api.w.org\/{rel}","templated":true}]}}