{"id":322,"date":"2016-01-13T10:40:48","date_gmt":"2016-01-13T09:40:48","guid":{"rendered":"http:\/\/omegakikol.pl\/?p=322"},"modified":"2016-01-13T11:11:17","modified_gmt":"2016-01-13T10:11:17","slug":"projekt-unijne-przedszkolaki-z-gmin-czernikowo-kikol-i-wielgie","status":"publish","type":"post","link":"https:\/\/omegakikol.pl\/?p=322","title":{"rendered":"Projekt \u201eUnijne przedszkolaki z gmin Czernikowo, Kik\u00f3\u0142 i Wielgie\u201d"},"content":{"rendered":"<div id=\"CONTENT\">\n<div id=\"TEXT\" style=\"text-align: center;\">\n<h3 style=\"text-align: center;\"><a href=\"http:\/\/omegakikol.pl\/wp-content\/uploads\/2016\/01\/logo_efs_kapital_ludzki-e1452547749160.jpg\" rel=\"attachment wp-att-204\"><img loading=\"lazy\" decoding=\"async\" class=\" wp-image-204 aligncenter\" src=\"http:\/\/omegakikol.pl\/wp-content\/uploads\/2016\/01\/logo_efs_kapital_ludzki-1024x180.jpg\" alt=\"logo_efs_kapital_ludzki\" width=\"887\" height=\"156\" \/><\/a><\/h3>\n<p><span style=\"color: #d26900; font-family: georgia; font-size: large;\"><b><i>Projekt \u201eUnijne przedszkolaki z gmin Czernikowo, Kik\u00f3\u0142 i Wielgie\u201d<\/i><\/b><\/span><\/p>\n<p>To projekt partnerski realizowany wsp\u00f3lnie z Gminami: Czernikowo, Kik\u00f3\u0142, Wielgie oraz Stowarzyszeniem na Rzecz Pe\u0142nego Rozwoju Dzieci i M\u0142odzie\u017cy w Zajeziorzu. Realizacja &#8211; 01.12.2010 do 31.03.2013 r. w ramach Programu Operacyjnego Kapita\u0142 Ludzki Priorytet IX. Rozw\u00f3j wykszta\u0142cenia i kompetencji w regionach. Projekt wsp\u00f3\u0142finansowany jest przez Uni\u0119 Europejsk\u0105 w ramach Europejskiego Funduszu Spo\u0142ecznego.<\/p>\n<p>W ramach projektu zostan\u0105 utworzone plac\u00f3wki przedszkolne dla dzieci 3-5-letnich na terenie wy\u017cej wymienionych gmin.<br \/>\nPowstan\u0105 Punkty Przedszkolne w nast\u0119puj\u0105cych miejscowo\u015bciach: Wola, Cie\u0142uchowo, Zajeziorze, Czarne, Zaduszniki, Steklin, Mazowsze, Makowiska. Ponadto w Czernikowie utworzone zostanie Przedszkole Integracyjne. Wsparciem obj\u0119te b\u0119dzie Publiczne Przedszkole w Wielgiem.<br \/>\nOpr\u00f3cz zaj\u0119\u0107 dydaktycznych z nauczycielem wychowania przedszkolnego dzieci b\u0119d\u0105 korzysta\u0142y z zaj\u0119\u0107 dodatkowych:<\/p>\n<ul>\n<li>rytmiki;<\/li>\n<\/ul>\n<ul>\n<li>j\u0119zyka angielskiego;<\/li>\n<\/ul>\n<ul>\n<li>zaj\u0119\u0107 z logoped\u0105;<\/li>\n<\/ul>\n<ul>\n<li>zaj\u0119\u0107 specjalistycznych( Przedszkole Integracyjne w Czernikowie).<\/li>\n<\/ul>\n<p><span style=\"color: #d26900; font-family: georgia; font-size: large;\"><span style=\"color: black; font-family: georgia; font-size: medium;\"><br \/>\nPonadto rodzice b\u0119d\u0105 mogli skorzysta\u0107 z porad psychologa oraz uczestniczy\u0107 w zaj\u0119ciach warsztatowych.<\/span><\/span><\/p>\n<p>&nbsp;<\/p>\n<div align=\"center\"><a title=\"Strona projektu\" href=\"http:\/\/www.madreskrzaty.omegakikol.pl\/\"><span style=\"color: #2d0059; font-family: Georgia; font-size: small;\">M\u0105dre Skrzaty &#8211; strona projektu<\/span><\/a><\/div>\n<p>&nbsp;<\/p>\n<p><center><i>Projekt wsp\u00f3\u0142finansowany ze \u015brodk\u00f3w Unii Europejskiej w ramach Europejskiego Funduszu Spo\u0142ecznego<\/i><\/center><\/div>\n<\/div>\n<div id=\"FOOTER\"><\/div>\n","protected":false},"excerpt":{"rendered":"<p>Projekt \u201eUnijne przedszkolaki z gmin Czernikowo, Kik\u00f3\u0142 i Wielgie\u201d To projekt partnerski realizowany wsp\u00f3lnie z Gminami: Czernikowo, Kik\u00f3\u0142, Wielgie oraz Stowarzyszeniem na Rzecz Pe\u0142nego Rozwoju Dzieci i M\u0142odzie\u017cy w Zajeziorzu. Realizacja &#8211; 01.12.2010 do 31.03.2013 r. w ramach Programu Operacyjnego Kapita\u0142 Ludzki Priorytet IX. Rozw\u00f3j wykszta\u0142cenia i kompetencji w regionach. Projekt wsp\u00f3\u0142finansowany jest przez Uni\u0119 [&hellip;]<\/p>\n","protected":false},"author":1,"featured_media":0,"comment_status":"closed","ping_status":"open","sticky":false,"template":"","format":"standard","meta":{"ngg_post_thumbnail":0,"footnotes":""},"categories":[1],"tags":[],"class_list":["post-322","post","type-post","status-publish","format-standard","hentry","category-bez-kategorii"],"_links":{"self":[{"href":"https:\/\/omegakikol.pl\/index.php?rest_route=\/wp\/v2\/posts\/322","targetHints":{"allow":["GET"]}}],"collection":[{"href":"https:\/\/omegakikol.pl\/index.php?rest_route=\/wp\/v2\/posts"}],"about":[{"href":"https:\/\/omegakikol.pl\/index.php?rest_route=\/wp\/v2\/types\/post"}],"author":[{"embeddable":true,"href":"https:\/\/omegakikol.pl\/index.php?rest_route=\/wp\/v2\/users\/1"}],"replies":[{"embeddable":true,"href":"https:\/\/omegakikol.pl\/index.php?rest_route=%2Fwp%2Fv2%2Fcomments&post=322"}],"version-history":[{"count":2,"href":"https:\/\/omegakikol.pl\/index.php?rest_route=\/wp\/v2\/posts\/322\/revisions"}],"predecessor-version":[{"id":355,"href":"https:\/\/omegakikol.pl\/index.php?rest_route=\/wp\/v2\/posts\/322\/revisions\/355"}],"wp:attachment":[{"href":"https:\/\/omegakikol.pl\/index.php?rest_route=%2Fwp%2Fv2%2Fmedia&parent=322"}],"wp:term":[{"taxonomy":"category","embeddable":true,"href":"https:\/\/omegakikol.pl\/index.php?rest_route=%2Fwp%2Fv2%2Fcategories&post=322"},{"taxonomy":"post_tag","embeddable":true,"href":"https:\/\/omegakikol.pl\/index.php?rest_route=%2Fwp%2Fv2%2Ftags&post=322"}],"curies":[{"name":"wp","href":"https:\/\/api.w.org\/{rel}","templated":true}]}}