{"id":324,"date":"2016-01-13T10:41:37","date_gmt":"2016-01-13T09:41:37","guid":{"rendered":"http:\/\/omegakikol.pl\/?p=324"},"modified":"2016-01-13T11:11:02","modified_gmt":"2016-01-13T10:11:02","slug":"projekt-ja-tez-chce-pracowac","status":"publish","type":"post","link":"https:\/\/omegakikol.pl\/?p=324","title":{"rendered":"Projekt \u201eJa te\u017c chc\u0119 pracowa\u0107 \u201d"},"content":{"rendered":"<h3 style=\"text-align: center;\"><a href=\"http:\/\/omegakikol.pl\/wp-content\/uploads\/2016\/01\/logo_efs_kapital_ludzki-e1452547749160.jpg\" rel=\"attachment wp-att-204\"><img loading=\"lazy\" decoding=\"async\" class=\" wp-image-204 aligncenter\" src=\"http:\/\/omegakikol.pl\/wp-content\/uploads\/2016\/01\/logo_efs_kapital_ludzki-1024x180.jpg\" alt=\"logo_efs_kapital_ludzki\" width=\"887\" height=\"156\" \/><\/a><\/h3>\n<h2 style=\"text-align: center;\"><b><i>Projekt \u201eJa te\u017c chc\u0119 pracowa\u0107 \u201d<\/i><\/b><\/h2>\n<p>W dniach 01.10.2010- 31.07.2011 zosta\u0142 zrealizowany projekt dla os\u00f3b bezrobotnych i nieaktywnych zawodowo, kt\u00f3re uko\u0144czy\u0142y 45 lat i mieszkaj\u0105 na terenie powiatu lipnowskiego. Projekt zrealizowany w ramach Programu Operacyjnego Kapita\u0142 Ludzki Priorytet VI. Rynek pracy otwarty dla wszystkich, wsp\u00f3\u0142finansowany przez Uni\u0119 Europejsk\u0105 w ramach Europejskiego Funduszu Spo\u0142ecznego.<\/p>\n<p>Na uczestnik\u00f3w czeka\u0142y nast\u0119puj\u0105ce kursy:<\/p>\n<ul>\n<li>pracownik biurowy,<\/li>\n<\/ul>\n<ul>\n<li>florysta\/bukieciarz,<\/li>\n<\/ul>\n<ul>\n<li>magazynier z obs\u0142ug\u0105 w\u00f3zk\u00f3w wid\u0142owych,<\/li>\n<\/ul>\n<ul>\n<li>operator koparko-ladowarki.<\/li>\n<\/ul>\n<p>Ponadto w ramach projektu uczestnicy i uczestniczki otrzymali: materia\u0142y szkoleniowe, zwrot koszt\u00f3w podr\u00f3\u017cy, obiady, stypendium. Otrzymali indywidualne konsultacje z doradc\u0105 zawodowym\/po\u015brednikiem pracy, kt\u00f3ry b\u0119dzie pomaga\u0142 w znalezieniu zatrudnienia.<\/p>\n<div align=\"center\"><a title=\"Projekt ja te\u017c chc\u0119 pracowa\u0107\" href=\"http:\/\/jatezchcepracowac.omegakikol.pl\/\"><span style=\"color: #2d0059; font-family: Georgia; font-size: small;\">Strona projektu: Ja te\u017c chc\u0119 pracowa\u0107<\/span><\/a><\/div>\n<p>&nbsp;<\/p>\n<p>&nbsp;<\/p>\n<p><center><i>Projekt wsp\u00f3\u0142finansowany ze \u015brodk\u00f3w Unii Europejskiej w ramach Europejskiego Funduszu Spo\u0142ecznego<\/i><\/center>&nbsp;<\/p>\n","protected":false},"excerpt":{"rendered":"<p>Projekt \u201eJa te\u017c chc\u0119 pracowa\u0107 \u201d W dniach 01.10.2010- 31.07.2011 zosta\u0142 zrealizowany projekt dla os\u00f3b bezrobotnych i nieaktywnych zawodowo, kt\u00f3re uko\u0144czy\u0142y 45 lat i mieszkaj\u0105 na terenie powiatu lipnowskiego. Projekt zrealizowany w ramach Programu Operacyjnego Kapita\u0142 Ludzki Priorytet VI. Rynek pracy otwarty dla wszystkich, wsp\u00f3\u0142finansowany przez Uni\u0119 Europejsk\u0105 w ramach Europejskiego Funduszu Spo\u0142ecznego. Na uczestnik\u00f3w [&hellip;]<\/p>\n","protected":false},"author":1,"featured_media":0,"comment_status":"closed","ping_status":"open","sticky":false,"template":"","format":"standard","meta":{"ngg_post_thumbnail":0,"footnotes":""},"categories":[1],"tags":[],"class_list":["post-324","post","type-post","status-publish","format-standard","hentry","category-bez-kategorii"],"_links":{"self":[{"href":"https:\/\/omegakikol.pl\/index.php?rest_route=\/wp\/v2\/posts\/324","targetHints":{"allow":["GET"]}}],"collection":[{"href":"https:\/\/omegakikol.pl\/index.php?rest_route=\/wp\/v2\/posts"}],"about":[{"href":"https:\/\/omegakikol.pl\/index.php?rest_route=\/wp\/v2\/types\/post"}],"author":[{"embeddable":true,"href":"https:\/\/omegakikol.pl\/index.php?rest_route=\/wp\/v2\/users\/1"}],"replies":[{"embeddable":true,"href":"https:\/\/omegakikol.pl\/index.php?rest_route=%2Fwp%2Fv2%2Fcomments&post=324"}],"version-history":[{"count":2,"href":"https:\/\/omegakikol.pl\/index.php?rest_route=\/wp\/v2\/posts\/324\/revisions"}],"predecessor-version":[{"id":354,"href":"https:\/\/omegakikol.pl\/index.php?rest_route=\/wp\/v2\/posts\/324\/revisions\/354"}],"wp:attachment":[{"href":"https:\/\/omegakikol.pl\/index.php?rest_route=%2Fwp%2Fv2%2Fmedia&parent=324"}],"wp:term":[{"taxonomy":"category","embeddable":true,"href":"https:\/\/omegakikol.pl\/index.php?rest_route=%2Fwp%2Fv2%2Fcategories&post=324"},{"taxonomy":"post_tag","embeddable":true,"href":"https:\/\/omegakikol.pl\/index.php?rest_route=%2Fwp%2Fv2%2Ftags&post=324"}],"curies":[{"name":"wp","href":"https:\/\/api.w.org\/{rel}","templated":true}]}}