{"id":327,"date":"2016-01-13T10:43:12","date_gmt":"2016-01-13T09:43:12","guid":{"rendered":"http:\/\/omegakikol.pl\/?p=327"},"modified":"2016-01-13T11:10:49","modified_gmt":"2016-01-13T10:10:49","slug":"projekt-czas-zmian-szansa-szkolenia","status":"publish","type":"post","link":"https:\/\/omegakikol.pl\/?p=327","title":{"rendered":"Projekt \u201eCzas zmian-szans\u0105 szkolenia! \u201d"},"content":{"rendered":"<div id=\"CONTENT\">\n<div id=\"TEXT\" style=\"text-align: center;\">\n<h3 style=\"text-align: center;\"><a href=\"http:\/\/omegakikol.pl\/wp-content\/uploads\/2016\/01\/logo_efs_kapital_ludzki-e1452547749160.jpg\" rel=\"attachment wp-att-204\"><img loading=\"lazy\" decoding=\"async\" class=\" wp-image-204 aligncenter\" src=\"http:\/\/omegakikol.pl\/wp-content\/uploads\/2016\/01\/logo_efs_kapital_ludzki-1024x180.jpg\" alt=\"logo_efs_kapital_ludzki\" width=\"887\" height=\"156\" \/><\/a><\/h3>\n<p><span style=\"color: #d26900; font-family: georgia; font-size: large;\"><b><i>Projekt \u201eCzas zmian-szans\u0105 szkolenia! \u201d<\/i><\/b><\/span><\/p>\n<p>W dniach 01.03.2010r. &#8211; 31.12.2010r. zrealizowany zosta\u0142 projekt w ramach Programu Operacyjnego Kapita\u0142 Ludzki Priorytet VIII. Regionalne Kadry Gospodarki Dzia\u0142anie 8.1. Poddzia\u0142anie 8.1.1 Wspieranie rozwoju kwalifikacji zawodowych i doradztwo dla przedsi\u0119biorstw.<br \/>\nProjekt ten skierowany by\u0142 do os\u00f3b pracuj\u0105cych w przedsi\u0119biorstwach w gminach wiejskich, miejsko-wiejskich, miejskich do 25 ty\u015b, kt\u00f3rych siedziba znajduje si\u0119 na terenie wojew\u00f3dztwa kujawsko-pomorskiego. Adresowany by\u0142 do mieszka\u0144c\u00f3w wiejskich powiat\u00f3w: lipnowskiego, w\u0142oc\u0142awskiego, toru\u0144skiego, rypi\u0144skiego i golubsko -dobrzy\u0144skiego.<\/p>\n<p><span style=\"color: black; font-family: georgia; font-size: medium;\">Zaproszone zosta\u0142y osoby zatrudnione w ma\u0142ych i \u015brednich przedsi\u0119biorstwach oraz kadr\u0119 zarz\u0105dzaj\u0105c\u0105. <b>Szkolenia by\u0142y ca\u0142kowicie bezp\u0142atne.<\/b><\/span><\/p>\n<p><span style=\"color: black; font-family: georgia; font-size: medium;\">Ch\u0119tni mogli wzi\u0105\u0107 udzia\u0142 w jednym z nast\u0119puj\u0105cych szkole\u0144:<\/span><\/p>\n<p>&nbsp;<\/p>\n<ul>\n<li><span style=\"color: black; font-family: georgia; font-size: medium;\"><b>1. specjalisty ds. audytu wewn\u0119trznego,<br \/>\n<\/b><br \/>\n<\/span><\/li>\n<li><span style=\"color: black; font-family: georgia; font-size: medium;\"><b>2. specjalisty ds. zarz\u0105dzania funduszami unijnymi,<br \/>\n<\/b><br \/>\n<\/span><\/li>\n<li><span style=\"color: black; font-family: georgia; font-size: medium;\"><b>3. specjalisty ds. zarz\u0105dzania zasobami ludzkimi.<br \/>\n<\/b><br \/>\n<\/span><\/li>\n<\/ul>\n<p>&nbsp;<\/p>\n<p><span style=\"color: black; font-family: georgia; font-size: medium;\">Na uczestnik\u00f3w szkole\u0144 czeka\u0142y:<\/span><\/p>\n<p>&nbsp;<\/p>\n<p>&nbsp;<\/p>\n<ul>\n<li><b>zaj\u0119cia motywacyjno- interpersonalno-doradcze;<\/b><\/li>\n<li><b>\u00a0 \u00a0 \u00a0 \u00a0 \u00a0 \u00a0 \u00a0 \u00a0 \u00a0 \u00a0 \u00a0 \u00a0 \u00a0 \u00a0 \u00a0 \u00a0 \u00a0 \u00a0 \u00a0 \u00a0 \u00a0 \u00a0 \u00a0 \u00a0 \u00a0 \u00a0 \u00a0 \u00a0 \u00a0 \u00a0 \u00a0 \u00a0 \u00a0 \u00a0 \u00a0 \u00a0 \u00a0 zaj\u0119cia informatyczne ukierunkowane na nowe\u00a0\u00a0\u00a0\u00a0\u00a0 kwalifikacje;\u00a0\u00a0\u00a0\u00a0\u00a0\u00a0\u00a0\u00a0\u00a0\u00a0\u00a0\u00a0\u00a0\u00a0\u00a0\u00a0\u00a0\u00a0\u00a0\u00a0\u00a0\u00a0\u00a0\u00a0\u00a0\u00a0\u00a0\u00a0\u00a0\u00a0\u00a0\u00a0\u00a0\u00a0\u00a0\u00a0\u00a0\u00a0\u00a0\u00a0\u00a0\u00a0\u00a0\u00a0\u00a0\u00a0\u00a0\u00a0<\/b><\/li>\n<li><b>kurs audytu wewn\u0119trznego;<\/b><\/li>\n<li><b>kurs zarz\u0105dzania funduszami unijnymi;<\/b><\/li>\n<li><b>kurs zarz\u0105dzania zasobami ludzkimi;<\/b><\/li>\n<li><b>materia\u0142y szkoleniowe, upominki z logo projektu,<br \/>\ncatering, przerwy kawowe;<br \/>\n<\/b><\/li>\n<\/ul>\n<p>&nbsp;<\/p>\n<p><center><i>Projekt wsp\u00f3\u0142finansowany ze \u015brodk\u00f3w Unii Europejskiej w ramach Europejskiego Funduszu Spo\u0142ecznego<\/i><\/center><\/div>\n<\/div>\n<div id=\"FOOTER\"><\/div>\n","protected":false},"excerpt":{"rendered":"<p>Projekt \u201eCzas zmian-szans\u0105 szkolenia! \u201d W dniach 01.03.2010r. &#8211; 31.12.2010r. zrealizowany zosta\u0142 projekt w ramach Programu Operacyjnego Kapita\u0142 Ludzki Priorytet VIII. Regionalne Kadry Gospodarki Dzia\u0142anie 8.1. Poddzia\u0142anie 8.1.1 Wspieranie rozwoju kwalifikacji zawodowych i doradztwo dla przedsi\u0119biorstw. Projekt ten skierowany by\u0142 do os\u00f3b pracuj\u0105cych w przedsi\u0119biorstwach w gminach wiejskich, miejsko-wiejskich, miejskich do 25 ty\u015b, kt\u00f3rych siedziba [&hellip;]<\/p>\n","protected":false},"author":1,"featured_media":0,"comment_status":"closed","ping_status":"open","sticky":false,"template":"","format":"standard","meta":{"ngg_post_thumbnail":0,"footnotes":""},"categories":[1],"tags":[],"class_list":["post-327","post","type-post","status-publish","format-standard","hentry","category-bez-kategorii"],"_links":{"self":[{"href":"https:\/\/omegakikol.pl\/index.php?rest_route=\/wp\/v2\/posts\/327","targetHints":{"allow":["GET"]}}],"collection":[{"href":"https:\/\/omegakikol.pl\/index.php?rest_route=\/wp\/v2\/posts"}],"about":[{"href":"https:\/\/omegakikol.pl\/index.php?rest_route=\/wp\/v2\/types\/post"}],"author":[{"embeddable":true,"href":"https:\/\/omegakikol.pl\/index.php?rest_route=\/wp\/v2\/users\/1"}],"replies":[{"embeddable":true,"href":"https:\/\/omegakikol.pl\/index.php?rest_route=%2Fwp%2Fv2%2Fcomments&post=327"}],"version-history":[{"count":2,"href":"https:\/\/omegakikol.pl\/index.php?rest_route=\/wp\/v2\/posts\/327\/revisions"}],"predecessor-version":[{"id":353,"href":"https:\/\/omegakikol.pl\/index.php?rest_route=\/wp\/v2\/posts\/327\/revisions\/353"}],"wp:attachment":[{"href":"https:\/\/omegakikol.pl\/index.php?rest_route=%2Fwp%2Fv2%2Fmedia&parent=327"}],"wp:term":[{"taxonomy":"category","embeddable":true,"href":"https:\/\/omegakikol.pl\/index.php?rest_route=%2Fwp%2Fv2%2Fcategories&post=327"},{"taxonomy":"post_tag","embeddable":true,"href":"https:\/\/omegakikol.pl\/index.php?rest_route=%2Fwp%2Fv2%2Ftags&post=327"}],"curies":[{"name":"wp","href":"https:\/\/api.w.org\/{rel}","templated":true}]}}