{"id":337,"date":"2016-01-13T10:50:52","date_gmt":"2016-01-13T09:50:52","guid":{"rendered":"http:\/\/omegakikol.pl\/?p=337"},"modified":"2016-01-13T11:10:07","modified_gmt":"2016-01-13T10:10:07","slug":"projekt-zdobywam-nowy-zawod","status":"publish","type":"post","link":"https:\/\/omegakikol.pl\/?p=337","title":{"rendered":"Projekt \u201eZdobywam nowy zaw\u00f3d !\u201d"},"content":{"rendered":"<h3 style=\"text-align: center;\"><a href=\"http:\/\/omegakikol.pl\/wp-content\/uploads\/2016\/01\/logo_efs_kapital_ludzki-e1452547749160.jpg\" rel=\"attachment wp-att-204\"><img loading=\"lazy\" decoding=\"async\" class=\" wp-image-204 aligncenter\" src=\"http:\/\/omegakikol.pl\/wp-content\/uploads\/2016\/01\/logo_efs_kapital_ludzki-1024x180.jpg\" alt=\"logo_efs_kapital_ludzki\" width=\"887\" height=\"156\" \/><\/a><\/h3>\n<h3 style=\"text-align: center;\"><b><span style=\"color: #d26900; font-family: Georgia; font-size: large;\">Projekt <i>\u201eZdobywam nowy zaw\u00f3d !\u201d<\/i><\/span><\/b><\/h3>\n<p><span style=\"color: black; font-family: Georgia; font-size: small;\">W dniach 01.05.2009r. &#8211; 28.02.2010r. zrealizowany zosta\u0142 projekt partnerski w ramach Programu Operacyjnego Kapita\u0142 Ludzki Priorytet VIII. Regionalne Kadry Gospodarki Dzia\u0142anie 8.1. Poddzia\u0142anie 8.1.2 Wsparcie proces\u00f3w adaptacyjnych i modernizacyjnych w regionie kujawsko-pomorskim.<br \/>\nProjekt <b>\u201eZdobywam nowy zaw\u00f3d !\u201d<\/b> skierowany by\u0142 do os\u00f3b posiadaj\u0105cych wykszta\u0142cenie wy\u017csze lub \u015brednie, pracuj\u0105cych i mieszkaj\u0105cych na terenie powiatu lipnowskiego lub gmin Czernikowo, Obrowo. Pierwsze\u0144stwo w projekcie mia\u0142y osoby, kt\u00f3re uko\u0144czy\u0142y 45+, by\u0142y zatrudnione w mikroprzedsi\u0119biorstwach, ma\u0142ych, \u015brednich i du\u017cych przedsi\u0119biorstwach<\/span><\/p>\n<div align=\"center\"><a title=\"link do strony\" href=\"http:\/\/kwalifikacje.omegakikol.pl\/\"><span style=\"color: #2d0059; font-family: Georgia; font-size: small;\">www.kwalifikacje.omegakikol.pl<\/span><\/a><\/div>\n<p>&nbsp;<\/p>\n<div align=\"left\"><span style=\"color: black; font-family: Georgia; font-size: small;\">Dokumenty do pobrania:<\/span><\/div>\n<p>&nbsp;<\/p>\n<p><a title=\"Dane uczestnikow oswiadczenia\" href=\"http:\/\/www.omegakikol.nazwa.pl\/omegakikol\/projekty\/zdobywamnowyzawod\/Dane%20uczestnikow%20oswiadczenia.doc\"><span style=\"color: #2d0059; font-family: Georgia; font-size: small;\">Dane uczestnik\u00f3w, o\u015bwiadczenia<\/span><\/a><\/p>\n<p><span style=\"color: #2d0059; font-family: Georgia; font-size: small;\"><a title=\"Deklaracja uczestnictwa w projekcie\" href=\"http:\/\/www.omegakikol.nazwa.pl\/omegakikol\/projekty\/zdobywamnowyzawod\/Deklaracja%20uczestnictwa%20w%20projekcie.doc\"><span style=\"color: #2d0059; font-family: Georgia; font-size: small;\">Deklaracja uczestnictwa w projekcie 8.1.2<\/span><\/a><\/span><\/p>\n","protected":false},"excerpt":{"rendered":"<p>Projekt \u201eZdobywam nowy zaw\u00f3d !\u201d W dniach 01.05.2009r. &#8211; 28.02.2010r. zrealizowany zosta\u0142 projekt partnerski w ramach Programu Operacyjnego Kapita\u0142 Ludzki Priorytet VIII. Regionalne Kadry Gospodarki Dzia\u0142anie 8.1. Poddzia\u0142anie 8.1.2 Wsparcie proces\u00f3w adaptacyjnych i modernizacyjnych w regionie kujawsko-pomorskim. Projekt \u201eZdobywam nowy zaw\u00f3d !\u201d skierowany by\u0142 do os\u00f3b posiadaj\u0105cych wykszta\u0142cenie wy\u017csze lub \u015brednie, pracuj\u0105cych i mieszkaj\u0105cych na [&hellip;]<\/p>\n","protected":false},"author":1,"featured_media":0,"comment_status":"closed","ping_status":"open","sticky":false,"template":"","format":"standard","meta":{"ngg_post_thumbnail":0,"footnotes":""},"categories":[1],"tags":[],"class_list":["post-337","post","type-post","status-publish","format-standard","hentry","category-bez-kategorii"],"_links":{"self":[{"href":"https:\/\/omegakikol.pl\/index.php?rest_route=\/wp\/v2\/posts\/337","targetHints":{"allow":["GET"]}}],"collection":[{"href":"https:\/\/omegakikol.pl\/index.php?rest_route=\/wp\/v2\/posts"}],"about":[{"href":"https:\/\/omegakikol.pl\/index.php?rest_route=\/wp\/v2\/types\/post"}],"author":[{"embeddable":true,"href":"https:\/\/omegakikol.pl\/index.php?rest_route=\/wp\/v2\/users\/1"}],"replies":[{"embeddable":true,"href":"https:\/\/omegakikol.pl\/index.php?rest_route=%2Fwp%2Fv2%2Fcomments&post=337"}],"version-history":[{"count":2,"href":"https:\/\/omegakikol.pl\/index.php?rest_route=\/wp\/v2\/posts\/337\/revisions"}],"predecessor-version":[{"id":350,"href":"https:\/\/omegakikol.pl\/index.php?rest_route=\/wp\/v2\/posts\/337\/revisions\/350"}],"wp:attachment":[{"href":"https:\/\/omegakikol.pl\/index.php?rest_route=%2Fwp%2Fv2%2Fmedia&parent=337"}],"wp:term":[{"taxonomy":"category","embeddable":true,"href":"https:\/\/omegakikol.pl\/index.php?rest_route=%2Fwp%2Fv2%2Fcategories&post=337"},{"taxonomy":"post_tag","embeddable":true,"href":"https:\/\/omegakikol.pl\/index.php?rest_route=%2Fwp%2Fv2%2Ftags&post=337"}],"curies":[{"name":"wp","href":"https:\/\/api.w.org\/{rel}","templated":true}]}}